[{"@context":"https:\/\/schema.org\/","@type":"Article","@id":"https:\/\/www.pirates.cz\/vzdelani-a-zamestnani\/#Article","mainEntityOfPage":"https:\/\/www.pirates.cz\/vzdelani-a-zamestnani\/","headline":"Vzd\u011bl\u00e1n\u00ed a zam\u011bstn\u00e1n\u00ed","name":"Vzd\u011bl\u00e1n\u00ed a zam\u011bstn\u00e1n\u00ed","description":"Podle m\u00e9ho n\u00e1zoru je vzd\u011bl\u00e1n\u00ed pro ka\u017ed\u00e9ho \u010dlov\u011bka opravdu hodn\u011b d\u016fle\u017eit\u00e9. Jenom si p\u0159edstavte a vezm\u011bte si takhle pro p\u0159edstavu, kdy by t\u0159eba v\u016fbec nikdo se necht\u011bl vzd\u011bl\u00e1vat, kdyby t\u0159eba ihned ka\u017ed\u00fd po z\u00e1kladn\u00ed \u0161kole [&hellip;]","datePublished":"2023-12-31","dateModified":"2023-12-31","author":{"@type":"Person","@id":"https:\/\/www.pirates.cz\/author\/#Person","name":"","url":"https:\/\/www.pirates.cz\/author\/","identifier":1,"image":{"@type":"ImageObject","@id":"https:\/\/secure.gravatar.com\/avatar\/7b7a3ac09da7f6a75c5f1ebec5be454c22943a51b9f5595d89318ef09bd44dd1?s=96&d=mm&r=g","url":"https:\/\/secure.gravatar.com\/avatar\/7b7a3ac09da7f6a75c5f1ebec5be454c22943a51b9f5595d89318ef09bd44dd1?s=96&d=mm&r=g","height":96,"width":96}},"publisher":{"@type":"Organization","name":"pirates.cz","logo":{"@type":"ImageObject","@id":"\/logo.png","url":"\/logo.png","width":600,"height":60}},"image":{"@type":"ImageObject","@id":"https:\/\/www.pirates.cz\/wp-content\/uploads\/boys-286245_960_720_7.jpg","url":"https:\/\/www.pirates.cz\/wp-content\/uploads\/boys-286245_960_720_7.jpg","height":0,"width":0},"url":"https:\/\/www.pirates.cz\/vzdelani-a-zamestnani\/","about":["Vzd\u011bl\u00e1n\u00ed"],"wordCount":475,"articleBody":"Podle m\u00e9ho n\u00e1zoru je vzd\u011bl\u00e1n\u00ed pro ka\u017ed\u00e9ho \u010dlov\u011bka opravdu hodn\u011b d\u016fle\u017eit\u00e9. Jenom si p\u0159edstavte a vezm\u011bte si takhle pro p\u0159edstavu, kdy by t\u0159eba v\u016fbec nikdo se necht\u011bl vzd\u011bl\u00e1vat, kdyby t\u0159eba ihned ka\u017ed\u00fd po z\u00e1kladn\u00ed \u0161kole \u0161el pracovat? Mysl\u00edte si, \u017ee by toho bylo dob\u0159e pro na\u0161i spole\u010dnost? Podle m\u00e9ho n\u00e1zoru rozhodn\u011b ne, proto\u017ee kdy\u017e lid\u00e9 studuj\u00ed a u\u010d\u00ed se a chod\u00ed do \u0161koly, tak potom tak\u00e9 samoz\u0159ejm\u011b lid\u00e9 z\u00edsk\u00e1vaj\u00ed v\u011bt\u0161\u00ed rozhled. To t\u0159eba kdyby moje d\u011bti za mnou p\u0159i\u0161ly, \u017ee v\u016fbec se necht\u011bj\u00ed u\u010dit a \u017ee cht\u011bj\u00ed po z\u00e1kladn\u00ed \u0161kole pracovat, \u017ee cht\u011bj\u00ed m\u00edt pen\u00edze, tak bych je opravdu hnala ko\u0161t\u011btem. Tohle bych rozhodn\u011b necht\u011bla p\u0159ipustit. Klidn\u011b a\u0165\u00a0d\u011bti maj\u00ed v\u00fdu\u010dn\u00ed list, na tom nen\u00ed v\u016fbec nic \u0161patn\u00e9ho a je mi tohle \u00fapln\u011b jedno, proto\u017ee j\u00e1 tak\u00e9\u00a0tak\u00e9 v\u00fdu\u010dn\u00ed list. A m\u00e1m se dob\u0159e, m\u00e1m svoji firmu a nemus\u00edm m\u00edt na to ani vysokou \u0161kolu. Samoz\u0159ejm\u011b, \u017ee potom jsem si kv\u016fli zam\u011bstn\u00e1n\u00ed a kv\u016fli sv\u00e9mu podnik\u00e1n\u00ed musela ud\u011blat r\u016fzn\u00e9 jazykov\u00e9 kurzy. Ud\u011blala jsem si italsk\u00fd a anglick\u00fd jazykov\u00fd kurz, abych tak\u00e9 mohla si skv\u011ble dorozum\u00edvat se sv\u00fdmi klienty, proto\u017ee moje firma tak\u00e9 expandovala do zahrani\u010d\u00ed, tak\u017ee jsem r\u00e1da, \u017ee m\u00e9 vzd\u011bl\u00e1n\u00ed je takov\u00e9, abych se dorozum\u011bla ve sv\u00e9m zam\u011bstn\u00e1n\u00ed, tedy v m\u00e9m podnik\u00e1n\u00ed. Mnoho\u00a0lidi zase \u0159\u00edk\u00e1, \u017ee vzd\u011bl\u00e1n\u00ed je pro n\u011bkoho\u00a0na prvn\u00edm m\u00edst\u011b. M\u011b\u00a0tohle v\u016fbec nevad\u00ed, proto\u017ee vzd\u011bl\u00e1n\u00ed je opravdu hodn\u011b d\u016fle\u017eit\u00e9. Vezm\u011bte si, kdyby t\u0159eba n\u011bkdo nestudoval vysok\u00e9 \u0161koly, to by znamenalo, \u017ee by tak\u00e9 nikdo nemohl b\u00fdt u\u010ditel, proto\u017ee pokud chcete b\u00fdt u\u010ditel anebo pracovat s d\u011btmi, tak samoz\u0159ejm\u011b mus\u00edte m\u00edt na to vysokou \u0161kolu\u00a0pedagogickou \u0161kolu, moje dcera, kter\u00e9 je nyn\u00ed \u0161estn\u00e1ct\u00a0let, tak \u0159\u00edkala, \u017ee po st\u0159edn\u00ed \u0161kole bude cht\u00edt j\u00edt na pedagogickou \u0161kolu. Mysl\u00edm si, \u017ee tohle je opravdu skv\u011bl\u00e9, proto\u017ee kdy\u017e m\u00e1te pedagogick\u00e9 vzd\u011bl\u00e1n\u00ed, tak je to prima. M\u016f\u017ee to vlastn\u011b pracovat s d\u011btmi, m\u016f\u017eete b\u00fdt ve \u0161kolce anebo i na z\u00e1kladn\u00ed \u0161kole. Z\u00e1le\u017e\u00ed u\u017e na v\u00e1s, \u010demu d\u00e1te p\u0159ednost a co v\u00e1s v\u00edce bude bavit. Kde v\u00e1s bude bavit v\u00edce pracovat s d\u011btmi. M\u016f\u017eete pracovat i v d\u011btsk\u00e9m\u00a0domov\u011b.                                                                                                                                                                                                                                                                                                                                                                                        4\/5 - (3 votes)        "},{"@context":"https:\/\/schema.org\/","@type":"BreadcrumbList","itemListElement":[{"@type":"ListItem","position":1,"name":"Vzd\u011bl\u00e1n\u00ed a zam\u011bstn\u00e1n\u00ed","item":"https:\/\/www.pirates.cz\/vzdelani-a-zamestnani\/#breadcrumbitem"}]}]